{"id":351,"date":"2025-01-14T11:30:11","date_gmt":"2025-01-14T10:30:11","guid":{"rendered":"https:\/\/association-lumena.fr\/?p=351"},"modified":"2025-01-14T11:30:11","modified_gmt":"2025-01-14T10:30:11","slug":"event-atelier-cycles-numerologie-2025","status":"publish","type":"post","link":"https:\/\/association-lumena.fr\/index.php\/2025\/01\/14\/event-atelier-cycles-numerologie-2025\/","title":{"rendered":"EVENT &#8211; ATELIER CYCLES NUMEROLOGIE 2025"},"content":{"rendered":"\n<p>\u2728 Atelier Num\u00e9rologie : D\u00e9couvre ton Ann\u00e9e et Mois Personnels \u2728<\/p>\n\n\n\n<figure class=\"wp-block-image size-large\"><img loading=\"lazy\" decoding=\"async\" width=\"1024\" height=\"512\" src=\"https:\/\/association-lumena.fr\/wp-content\/uploads\/2025\/01\/BANNIERE-WEB-EVENT-3-1024x512.png\" alt=\"\" class=\"wp-image-353\" srcset=\"https:\/\/association-lumena.fr\/wp-content\/uploads\/2025\/01\/BANNIERE-WEB-EVENT-3-1024x512.png 1024w, https:\/\/association-lumena.fr\/wp-content\/uploads\/2025\/01\/BANNIERE-WEB-EVENT-3-300x150.png 300w, https:\/\/association-lumena.fr\/wp-content\/uploads\/2025\/01\/BANNIERE-WEB-EVENT-3-768x384.png 768w, https:\/\/association-lumena.fr\/wp-content\/uploads\/2025\/01\/BANNIERE-WEB-EVENT-3-1536x768.png 1536w, https:\/\/association-lumena.fr\/wp-content\/uploads\/2025\/01\/BANNIERE-WEB-EVENT-3-2048x1024.png 2048w\" sizes=\"auto, (max-width: 706px) 89vw, (max-width: 767px) 82vw, 740px\" \/><\/figure>\n\n\n\n<p><strong>Et si tu pouvais mieux comprendre les \u00e9nergies qui t\u2019accompagnent en 2025 ? \ud83c\udf1f<\/strong><\/p>\n\n\n\n<p>Cet atelier est une opportunit\u00e9 de <strong>te reconnecter \u00e0 toi-m\u00eame et \u00e0 ton chemin de vie<\/strong>.<\/p>\n\n\n\n<p>Gr\u00e2ce \u00e0 la num\u00e9rologie, tu apprendras \u00e0 calculer et \u00e0 interpr\u00e9ter ton ann\u00e9e et ton mois personnels. \ud83c\udfaf<\/p>\n\n\n\n<p>\ud83d\udc49 Pourquoi participer ?<\/p>\n\n\n\n<p>D\u00e9couvrir les cycles qui influencent ta vie.<br>Identifier les opportunit\u00e9s et les d\u00e9fis de l\u2019ann\u00e9e \u00e0 venir.<br>Explorer tes ressentis et poser tes intentions pour cette nouvelle ann\u00e9e.<\/p>\n\n\n\n<p><em>\ud83d\uddd3\ufe0f Quand ? 14\/01\/2025 \u00e0 20h<br>\ud83d\udccd O\u00f9 ? Plateforme : ZOOM<br>\ud83c\udf40 Tarif : 20\u20ac* (atelier gratuit pour les adh\u00e9rentes Lumena)<br>\ud83c\udfa8 En bonus : un PDF r\u00e9capitulatif des cycles.<\/em><\/p>\n\n\n\n<p>\ud83c\udf0c Inscris-toi vite et viens explorer les \u00e9nergies qui te guideront en 2025 !<\/p>\n\n\n\n<p class=\"has-small-font-size\"><em>Tarifs pour adh\u00e9rer \u00e0 l\u2019association LUMENA et avoir acc\u00e8s \u00e0 tous les ateliers gratuitement ainsi qu\u2019au programme quotidien :<br>>> 30 euros : cotisation annuelle pour soutenir la cause.<br>>> 70 euros : adh\u00e9sion par trimestre.<br>=> demande ton dossier d\u2019inscription en MP<\/em><\/p>\n","protected":false},"excerpt":{"rendered":"<p>\u2728 Atelier Num\u00e9rologie : D\u00e9couvre ton Ann\u00e9e et Mois Personnels \u2728 Et si tu pouvais mieux comprendre les \u00e9nergies qui t\u2019accompagnent en 2025 ? \ud83c\udf1f Cet atelier est une opportunit\u00e9 de te reconnecter \u00e0 toi-m\u00eame et \u00e0 ton chemin de vie. Gr\u00e2ce \u00e0 la num\u00e9rologie, tu apprendras \u00e0 calculer et \u00e0 interpr\u00e9ter ton ann\u00e9e et &hellip; <\/p>\n<p class=\"link-more\"><a href=\"https:\/\/association-lumena.fr\/index.php\/2025\/01\/14\/event-atelier-cycles-numerologie-2025\/\" class=\"more-link\">Continuer la lecture<span class=\"screen-reader-text\"> de &laquo;&nbsp;EVENT &#8211; ATELIER CYCLES NUMEROLOGIE 2025&nbsp;&raquo;<\/span><\/a><\/p>\n","protected":false},"author":1,"featured_media":0,"comment_status":"open","ping_status":"open","sticky":false,"template":"","format":"standard","meta":{"footnotes":""},"categories":[1],"tags":[],"class_list":["post-351","post","type-post","status-publish","format-standard","hentry","category-non-classe"],"_links":{"self":[{"href":"https:\/\/association-lumena.fr\/index.php\/wp-json\/wp\/v2\/posts\/351","targetHints":{"allow":["GET"]}}],"collection":[{"href":"https:\/\/association-lumena.fr\/index.php\/wp-json\/wp\/v2\/posts"}],"about":[{"href":"https:\/\/association-lumena.fr\/index.php\/wp-json\/wp\/v2\/types\/post"}],"author":[{"embeddable":true,"href":"https:\/\/association-lumena.fr\/index.php\/wp-json\/wp\/v2\/users\/1"}],"replies":[{"embeddable":true,"href":"https:\/\/association-lumena.fr\/index.php\/wp-json\/wp\/v2\/comments?post=351"}],"version-history":[{"count":1,"href":"https:\/\/association-lumena.fr\/index.php\/wp-json\/wp\/v2\/posts\/351\/revisions"}],"predecessor-version":[{"id":354,"href":"https:\/\/association-lumena.fr\/index.php\/wp-json\/wp\/v2\/posts\/351\/revisions\/354"}],"wp:attachment":[{"href":"https:\/\/association-lumena.fr\/index.php\/wp-json\/wp\/v2\/media?parent=351"}],"wp:term":[{"taxonomy":"category","embeddable":true,"href":"https:\/\/association-lumena.fr\/index.php\/wp-json\/wp\/v2\/categories?post=351"},{"taxonomy":"post_tag","embeddable":true,"href":"https:\/\/association-lumena.fr\/index.php\/wp-json\/wp\/v2\/tags?post=351"}],"curies":[{"name":"wp","href":"https:\/\/api.w.org\/{rel}","templated":true}]}}